{"id":757,"date":"2023-10-01T19:56:04","date_gmt":"2023-10-01T17:56:04","guid":{"rendered":"https:\/\/asmdcyclisme.fr\/?p=757"},"modified":"2023-10-03T20:08:56","modified_gmt":"2023-10-03T18:08:56","slug":"gentlemen-de-poigny-la-foret","status":"publish","type":"post","link":"https:\/\/asmdcyclisme.fr\/index.php\/2023\/10\/01\/gentlemen-de-poigny-la-foret\/","title":{"rendered":"Gentlemen de Poigny la for\u00eat"},"content":{"rendered":"<p>Roland frappe fort lors de cette course.<\/p>\n<p>Il termine 3\u00e8 au temps compens\u00e9.<\/p>\n<p>40km\/h de moyenne sur le CLM quand m\u00eame !<\/p>\n<p><img decoding=\"async\" class=\"size-medium wp-image-758 alignleft lazyload\" data-src=\"https:\/\/asmdcyclisme.fr\/wp-content\/uploads\/2023\/10\/RollandGentlemen-225x300.jpeg\" alt=\"\" width=\"225\" height=\"300\" data-srcset=\"https:\/\/asmdcyclisme.fr\/wp-content\/uploads\/2023\/10\/RollandGentlemen-225x300.jpeg 225w, https:\/\/asmdcyclisme.fr\/wp-content\/uploads\/2023\/10\/RollandGentlemen-768x1024.jpeg 768w, https:\/\/asmdcyclisme.fr\/wp-content\/uploads\/2023\/10\/RollandGentlemen-1152x1536.jpeg 1152w, https:\/\/asmdcyclisme.fr\/wp-content\/uploads\/2023\/10\/RollandGentlemen-1536x2048.jpeg 1536w, https:\/\/asmdcyclisme.fr\/wp-content\/uploads\/2023\/10\/RollandGentlemen-scaled.jpeg 1920w\" data-sizes=\"(max-width: 225px) 100vw, 225px\" src=\"data:image\/svg+xml;base64,PHN2ZyB3aWR0aD0iMSIgaGVpZ2h0PSIxIiB4bWxucz0iaHR0cDovL3d3dy53My5vcmcvMjAwMC9zdmciPjwvc3ZnPg==\" style=\"--smush-placeholder-width: 225px; --smush-placeholder-aspect-ratio: 225\/300;\" \/><\/p>\n<p><img decoding=\"async\" class=\"size-medium wp-image-759 alignleft lazyload\" data-src=\"https:\/\/asmdcyclisme.fr\/wp-content\/uploads\/2023\/10\/DepartRoland-225x300.jpeg\" alt=\"\" width=\"225\" height=\"300\" data-srcset=\"https:\/\/asmdcyclisme.fr\/wp-content\/uploads\/2023\/10\/DepartRoland-225x300.jpeg 225w, https:\/\/asmdcyclisme.fr\/wp-content\/uploads\/2023\/10\/DepartRoland.jpeg 720w\" data-sizes=\"(max-width: 225px) 100vw, 225px\" src=\"data:image\/svg+xml;base64,PHN2ZyB3aWR0aD0iMSIgaGVpZ2h0PSIxIiB4bWxucz0iaHR0cDovL3d3dy53My5vcmcvMjAwMC9zdmciPjwvc3ZnPg==\" style=\"--smush-placeholder-width: 225px; --smush-placeholder-aspect-ratio: 225\/300;\" \/><\/p>\n","protected":false},"excerpt":{"rendered":"<p>Roland frappe fort lors de cette course. Il termine 3\u00e8 au temps compens\u00e9. 40km\/h de moyenne sur le CLM quand m\u00eame !<\/p>\n","protected":false},"author":1,"featured_media":758,"comment_status":"open","ping_status":"open","sticky":false,"template":"","format":"standard","meta":{"footnotes":""},"categories":[11],"tags":[],"class_list":["post-757","post","type-post","status-publish","format-standard","has-post-thumbnail","hentry","category-course"],"yoast_head":"<!-- This site is optimized with the Yoast SEO plugin v27.3 - https:\/\/yoast.com\/product\/yoast-seo-wordpress\/ -->\n<title>Gentlemen de Poigny la for\u00eat - ASMD Cyclisme<\/title>\n<meta name=\"robots\" content=\"index, follow, max-snippet:-1, max-image-preview:large, max-video-preview:-1\" \/>\n<link rel=\"canonical\" href=\"https:\/\/asmdcyclisme.fr\/index.php\/2023\/10\/01\/gentlemen-de-poigny-la-foret\/\" \/>\n<meta property=\"og:locale\" content=\"fr_FR\" \/>\n<meta property=\"og:type\" content=\"article\" \/>\n<meta property=\"og:title\" content=\"Gentlemen de Poigny la for\u00eat - ASMD Cyclisme\" \/>\n<meta property=\"og:description\" content=\"Roland frappe fort lors de cette course. Il termine 3\u00e8 au temps compens\u00e9. 40km\/h de moyenne sur le CLM quand m\u00eame !\" \/>\n<meta property=\"og:url\" content=\"https:\/\/asmdcyclisme.fr\/index.php\/2023\/10\/01\/gentlemen-de-poigny-la-foret\/\" \/>\n<meta property=\"og:site_name\" content=\"ASMD Cyclisme\" \/>\n<meta property=\"article:publisher\" content=\"https:\/\/www.facebook.com\/ASMESNILSTDENIS\" \/>\n<meta property=\"article:published_time\" content=\"2023-10-01T17:56:04+00:00\" \/>\n<meta property=\"article:modified_time\" content=\"2023-10-03T18:08:56+00:00\" \/>\n<meta property=\"og:image\" content=\"https:\/\/asmdcyclisme.fr\/wp-content\/uploads\/2023\/10\/RollandGentlemen-scaled.jpeg\" \/>\n\t<meta property=\"og:image:width\" content=\"1920\" \/>\n\t<meta property=\"og:image:height\" content=\"2560\" \/>\n\t<meta property=\"og:image:type\" content=\"image\/jpeg\" \/>\n<meta name=\"author\" content=\"Administrateur\" \/>\n<meta name=\"twitter:card\" content=\"summary_large_image\" \/>\n<meta name=\"twitter:label1\" content=\"\u00c9crit par\" \/>\n\t<meta name=\"twitter:data1\" content=\"Administrateur\" \/>\n<script type=\"application\/ld+json\" class=\"yoast-schema-graph\">{\"@context\":\"https:\\\/\\\/schema.org\",\"@graph\":[{\"@type\":\"Article\",\"@id\":\"https:\\\/\\\/asmdcyclisme.fr\\\/index.php\\\/2023\\\/10\\\/01\\\/gentlemen-de-poigny-la-foret\\\/#article\",\"isPartOf\":{\"@id\":\"https:\\\/\\\/asmdcyclisme.fr\\\/index.php\\\/2023\\\/10\\\/01\\\/gentlemen-de-poigny-la-foret\\\/\"},\"author\":{\"name\":\"Administrateur\",\"@id\":\"https:\\\/\\\/asmdcyclisme.fr\\\/#\\\/schema\\\/person\\\/bedcee79e4164b5fb7824da5d8ce2cd4\"},\"headline\":\"Gentlemen de Poigny la for\u00eat\",\"datePublished\":\"2023-10-01T17:56:04+00:00\",\"dateModified\":\"2023-10-03T18:08:56+00:00\",\"mainEntityOfPage\":{\"@id\":\"https:\\\/\\\/asmdcyclisme.fr\\\/index.php\\\/2023\\\/10\\\/01\\\/gentlemen-de-poigny-la-foret\\\/\"},\"wordCount\":28,\"commentCount\":0,\"publisher\":{\"@id\":\"https:\\\/\\\/asmdcyclisme.fr\\\/#organization\"},\"image\":{\"@id\":\"https:\\\/\\\/asmdcyclisme.fr\\\/index.php\\\/2023\\\/10\\\/01\\\/gentlemen-de-poigny-la-foret\\\/#primaryimage\"},\"thumbnailUrl\":\"https:\\\/\\\/asmdcyclisme.fr\\\/wp-content\\\/uploads\\\/2023\\\/10\\\/RollandGentlemen-scaled.jpeg\",\"articleSection\":[\"Course\"],\"inLanguage\":\"fr-FR\",\"potentialAction\":[{\"@type\":\"CommentAction\",\"name\":\"Comment\",\"target\":[\"https:\\\/\\\/asmdcyclisme.fr\\\/index.php\\\/2023\\\/10\\\/01\\\/gentlemen-de-poigny-la-foret\\\/#respond\"]}]},{\"@type\":\"WebPage\",\"@id\":\"https:\\\/\\\/asmdcyclisme.fr\\\/index.php\\\/2023\\\/10\\\/01\\\/gentlemen-de-poigny-la-foret\\\/\",\"url\":\"https:\\\/\\\/asmdcyclisme.fr\\\/index.php\\\/2023\\\/10\\\/01\\\/gentlemen-de-poigny-la-foret\\\/\",\"name\":\"Gentlemen de Poigny la for\u00eat - ASMD Cyclisme\",\"isPartOf\":{\"@id\":\"https:\\\/\\\/asmdcyclisme.fr\\\/#website\"},\"primaryImageOfPage\":{\"@id\":\"https:\\\/\\\/asmdcyclisme.fr\\\/index.php\\\/2023\\\/10\\\/01\\\/gentlemen-de-poigny-la-foret\\\/#primaryimage\"},\"image\":{\"@id\":\"https:\\\/\\\/asmdcyclisme.fr\\\/index.php\\\/2023\\\/10\\\/01\\\/gentlemen-de-poigny-la-foret\\\/#primaryimage\"},\"thumbnailUrl\":\"https:\\\/\\\/asmdcyclisme.fr\\\/wp-content\\\/uploads\\\/2023\\\/10\\\/RollandGentlemen-scaled.jpeg\",\"datePublished\":\"2023-10-01T17:56:04+00:00\",\"dateModified\":\"2023-10-03T18:08:56+00:00\",\"breadcrumb\":{\"@id\":\"https:\\\/\\\/asmdcyclisme.fr\\\/index.php\\\/2023\\\/10\\\/01\\\/gentlemen-de-poigny-la-foret\\\/#breadcrumb\"},\"inLanguage\":\"fr-FR\",\"potentialAction\":[{\"@type\":\"ReadAction\",\"target\":[\"https:\\\/\\\/asmdcyclisme.fr\\\/index.php\\\/2023\\\/10\\\/01\\\/gentlemen-de-poigny-la-foret\\\/\"]}]},{\"@type\":\"ImageObject\",\"inLanguage\":\"fr-FR\",\"@id\":\"https:\\\/\\\/asmdcyclisme.fr\\\/index.php\\\/2023\\\/10\\\/01\\\/gentlemen-de-poigny-la-foret\\\/#primaryimage\",\"url\":\"https:\\\/\\\/asmdcyclisme.fr\\\/wp-content\\\/uploads\\\/2023\\\/10\\\/RollandGentlemen-scaled.jpeg\",\"contentUrl\":\"https:\\\/\\\/asmdcyclisme.fr\\\/wp-content\\\/uploads\\\/2023\\\/10\\\/RollandGentlemen-scaled.jpeg\",\"width\":1920,\"height\":2560},{\"@type\":\"BreadcrumbList\",\"@id\":\"https:\\\/\\\/asmdcyclisme.fr\\\/index.php\\\/2023\\\/10\\\/01\\\/gentlemen-de-poigny-la-foret\\\/#breadcrumb\",\"itemListElement\":[{\"@type\":\"ListItem\",\"position\":1,\"name\":\"Accueil\",\"item\":\"https:\\\/\\\/asmdcyclisme.fr\\\/\"},{\"@type\":\"ListItem\",\"position\":2,\"name\":\"Gentlemen de Poigny la for\u00eat\"}]},{\"@type\":\"WebSite\",\"@id\":\"https:\\\/\\\/asmdcyclisme.fr\\\/#website\",\"url\":\"https:\\\/\\\/asmdcyclisme.fr\\\/\",\"name\":\"ASMD Cyclisme\",\"description\":\"Le club de cyclisme du Mesnil Saint Denis\",\"publisher\":{\"@id\":\"https:\\\/\\\/asmdcyclisme.fr\\\/#organization\"},\"potentialAction\":[{\"@type\":\"SearchAction\",\"target\":{\"@type\":\"EntryPoint\",\"urlTemplate\":\"https:\\\/\\\/asmdcyclisme.fr\\\/?s={search_term_string}\"},\"query-input\":{\"@type\":\"PropertyValueSpecification\",\"valueRequired\":true,\"valueName\":\"search_term_string\"}}],\"inLanguage\":\"fr-FR\"},{\"@type\":\"Organization\",\"@id\":\"https:\\\/\\\/asmdcyclisme.fr\\\/#organization\",\"name\":\"ASMD Cyclisme\",\"url\":\"https:\\\/\\\/asmdcyclisme.fr\\\/\",\"logo\":{\"@type\":\"ImageObject\",\"inLanguage\":\"fr-FR\",\"@id\":\"https:\\\/\\\/asmdcyclisme.fr\\\/#\\\/schema\\\/logo\\\/image\\\/\",\"url\":\"https:\\\/\\\/asmdcyclisme.fr\\\/wp-content\\\/uploads\\\/2022\\\/11\\\/cropped-logoAsmdMsd-scaled-1.jpg\",\"contentUrl\":\"https:\\\/\\\/asmdcyclisme.fr\\\/wp-content\\\/uploads\\\/2022\\\/11\\\/cropped-logoAsmdMsd-scaled-1.jpg\",\"width\":711,\"height\":250,\"caption\":\"ASMD Cyclisme\"},\"image\":{\"@id\":\"https:\\\/\\\/asmdcyclisme.fr\\\/#\\\/schema\\\/logo\\\/image\\\/\"},\"sameAs\":[\"https:\\\/\\\/www.facebook.com\\\/ASMESNILSTDENIS\"]},{\"@type\":\"Person\",\"@id\":\"https:\\\/\\\/asmdcyclisme.fr\\\/#\\\/schema\\\/person\\\/bedcee79e4164b5fb7824da5d8ce2cd4\",\"name\":\"Administrateur\",\"image\":{\"@type\":\"ImageObject\",\"inLanguage\":\"fr-FR\",\"@id\":\"https:\\\/\\\/secure.gravatar.com\\\/avatar\\\/a5c1b1057c4e6562b322317c2ecd541f94ef8ae573d2eedd91257515e6ddc289?s=96&d=mm&r=g\",\"url\":\"https:\\\/\\\/secure.gravatar.com\\\/avatar\\\/a5c1b1057c4e6562b322317c2ecd541f94ef8ae573d2eedd91257515e6ddc289?s=96&d=mm&r=g\",\"contentUrl\":\"https:\\\/\\\/secure.gravatar.com\\\/avatar\\\/a5c1b1057c4e6562b322317c2ecd541f94ef8ae573d2eedd91257515e6ddc289?s=96&d=mm&r=g\",\"caption\":\"Administrateur\"},\"sameAs\":[\"https:\\\/\\\/asmdcyclisme.fr\"],\"url\":\"https:\\\/\\\/asmdcyclisme.fr\\\/index.php\\\/author\\\/admin9727\\\/\"}]}<\/script>\n<!-- \/ Yoast SEO plugin. -->","yoast_head_json":{"title":"Gentlemen de Poigny la for\u00eat - ASMD Cyclisme","robots":{"index":"index","follow":"follow","max-snippet":"max-snippet:-1","max-image-preview":"max-image-preview:large","max-video-preview":"max-video-preview:-1"},"canonical":"https:\/\/asmdcyclisme.fr\/index.php\/2023\/10\/01\/gentlemen-de-poigny-la-foret\/","og_locale":"fr_FR","og_type":"article","og_title":"Gentlemen de Poigny la for\u00eat - ASMD Cyclisme","og_description":"Roland frappe fort lors de cette course. Il termine 3\u00e8 au temps compens\u00e9. 40km\/h de moyenne sur le CLM quand m\u00eame !","og_url":"https:\/\/asmdcyclisme.fr\/index.php\/2023\/10\/01\/gentlemen-de-poigny-la-foret\/","og_site_name":"ASMD Cyclisme","article_publisher":"https:\/\/www.facebook.com\/ASMESNILSTDENIS","article_published_time":"2023-10-01T17:56:04+00:00","article_modified_time":"2023-10-03T18:08:56+00:00","og_image":[{"width":1920,"height":2560,"url":"https:\/\/asmdcyclisme.fr\/wp-content\/uploads\/2023\/10\/RollandGentlemen-scaled.jpeg","type":"image\/jpeg"}],"author":"Administrateur","twitter_card":"summary_large_image","twitter_misc":{"\u00c9crit par":"Administrateur"},"schema":{"@context":"https:\/\/schema.org","@graph":[{"@type":"Article","@id":"https:\/\/asmdcyclisme.fr\/index.php\/2023\/10\/01\/gentlemen-de-poigny-la-foret\/#article","isPartOf":{"@id":"https:\/\/asmdcyclisme.fr\/index.php\/2023\/10\/01\/gentlemen-de-poigny-la-foret\/"},"author":{"name":"Administrateur","@id":"https:\/\/asmdcyclisme.fr\/#\/schema\/person\/bedcee79e4164b5fb7824da5d8ce2cd4"},"headline":"Gentlemen de Poigny la for\u00eat","datePublished":"2023-10-01T17:56:04+00:00","dateModified":"2023-10-03T18:08:56+00:00","mainEntityOfPage":{"@id":"https:\/\/asmdcyclisme.fr\/index.php\/2023\/10\/01\/gentlemen-de-poigny-la-foret\/"},"wordCount":28,"commentCount":0,"publisher":{"@id":"https:\/\/asmdcyclisme.fr\/#organization"},"image":{"@id":"https:\/\/asmdcyclisme.fr\/index.php\/2023\/10\/01\/gentlemen-de-poigny-la-foret\/#primaryimage"},"thumbnailUrl":"https:\/\/asmdcyclisme.fr\/wp-content\/uploads\/2023\/10\/RollandGentlemen-scaled.jpeg","articleSection":["Course"],"inLanguage":"fr-FR","potentialAction":[{"@type":"CommentAction","name":"Comment","target":["https:\/\/asmdcyclisme.fr\/index.php\/2023\/10\/01\/gentlemen-de-poigny-la-foret\/#respond"]}]},{"@type":"WebPage","@id":"https:\/\/asmdcyclisme.fr\/index.php\/2023\/10\/01\/gentlemen-de-poigny-la-foret\/","url":"https:\/\/asmdcyclisme.fr\/index.php\/2023\/10\/01\/gentlemen-de-poigny-la-foret\/","name":"Gentlemen de Poigny la for\u00eat - ASMD Cyclisme","isPartOf":{"@id":"https:\/\/asmdcyclisme.fr\/#website"},"primaryImageOfPage":{"@id":"https:\/\/asmdcyclisme.fr\/index.php\/2023\/10\/01\/gentlemen-de-poigny-la-foret\/#primaryimage"},"image":{"@id":"https:\/\/asmdcyclisme.fr\/index.php\/2023\/10\/01\/gentlemen-de-poigny-la-foret\/#primaryimage"},"thumbnailUrl":"https:\/\/asmdcyclisme.fr\/wp-content\/uploads\/2023\/10\/RollandGentlemen-scaled.jpeg","datePublished":"2023-10-01T17:56:04+00:00","dateModified":"2023-10-03T18:08:56+00:00","breadcrumb":{"@id":"https:\/\/asmdcyclisme.fr\/index.php\/2023\/10\/01\/gentlemen-de-poigny-la-foret\/#breadcrumb"},"inLanguage":"fr-FR","potentialAction":[{"@type":"ReadAction","target":["https:\/\/asmdcyclisme.fr\/index.php\/2023\/10\/01\/gentlemen-de-poigny-la-foret\/"]}]},{"@type":"ImageObject","inLanguage":"fr-FR","@id":"https:\/\/asmdcyclisme.fr\/index.php\/2023\/10\/01\/gentlemen-de-poigny-la-foret\/#primaryimage","url":"https:\/\/asmdcyclisme.fr\/wp-content\/uploads\/2023\/10\/RollandGentlemen-scaled.jpeg","contentUrl":"https:\/\/asmdcyclisme.fr\/wp-content\/uploads\/2023\/10\/RollandGentlemen-scaled.jpeg","width":1920,"height":2560},{"@type":"BreadcrumbList","@id":"https:\/\/asmdcyclisme.fr\/index.php\/2023\/10\/01\/gentlemen-de-poigny-la-foret\/#breadcrumb","itemListElement":[{"@type":"ListItem","position":1,"name":"Accueil","item":"https:\/\/asmdcyclisme.fr\/"},{"@type":"ListItem","position":2,"name":"Gentlemen de Poigny la for\u00eat"}]},{"@type":"WebSite","@id":"https:\/\/asmdcyclisme.fr\/#website","url":"https:\/\/asmdcyclisme.fr\/","name":"ASMD Cyclisme","description":"Le club de cyclisme du Mesnil Saint Denis","publisher":{"@id":"https:\/\/asmdcyclisme.fr\/#organization"},"potentialAction":[{"@type":"SearchAction","target":{"@type":"EntryPoint","urlTemplate":"https:\/\/asmdcyclisme.fr\/?s={search_term_string}"},"query-input":{"@type":"PropertyValueSpecification","valueRequired":true,"valueName":"search_term_string"}}],"inLanguage":"fr-FR"},{"@type":"Organization","@id":"https:\/\/asmdcyclisme.fr\/#organization","name":"ASMD Cyclisme","url":"https:\/\/asmdcyclisme.fr\/","logo":{"@type":"ImageObject","inLanguage":"fr-FR","@id":"https:\/\/asmdcyclisme.fr\/#\/schema\/logo\/image\/","url":"https:\/\/asmdcyclisme.fr\/wp-content\/uploads\/2022\/11\/cropped-logoAsmdMsd-scaled-1.jpg","contentUrl":"https:\/\/asmdcyclisme.fr\/wp-content\/uploads\/2022\/11\/cropped-logoAsmdMsd-scaled-1.jpg","width":711,"height":250,"caption":"ASMD Cyclisme"},"image":{"@id":"https:\/\/asmdcyclisme.fr\/#\/schema\/logo\/image\/"},"sameAs":["https:\/\/www.facebook.com\/ASMESNILSTDENIS"]},{"@type":"Person","@id":"https:\/\/asmdcyclisme.fr\/#\/schema\/person\/bedcee79e4164b5fb7824da5d8ce2cd4","name":"Administrateur","image":{"@type":"ImageObject","inLanguage":"fr-FR","@id":"https:\/\/secure.gravatar.com\/avatar\/a5c1b1057c4e6562b322317c2ecd541f94ef8ae573d2eedd91257515e6ddc289?s=96&d=mm&r=g","url":"https:\/\/secure.gravatar.com\/avatar\/a5c1b1057c4e6562b322317c2ecd541f94ef8ae573d2eedd91257515e6ddc289?s=96&d=mm&r=g","contentUrl":"https:\/\/secure.gravatar.com\/avatar\/a5c1b1057c4e6562b322317c2ecd541f94ef8ae573d2eedd91257515e6ddc289?s=96&d=mm&r=g","caption":"Administrateur"},"sameAs":["https:\/\/asmdcyclisme.fr"],"url":"https:\/\/asmdcyclisme.fr\/index.php\/author\/admin9727\/"}]}},"_links":{"self":[{"href":"https:\/\/asmdcyclisme.fr\/index.php\/wp-json\/wp\/v2\/posts\/757","targetHints":{"allow":["GET"]}}],"collection":[{"href":"https:\/\/asmdcyclisme.fr\/index.php\/wp-json\/wp\/v2\/posts"}],"about":[{"href":"https:\/\/asmdcyclisme.fr\/index.php\/wp-json\/wp\/v2\/types\/post"}],"author":[{"embeddable":true,"href":"https:\/\/asmdcyclisme.fr\/index.php\/wp-json\/wp\/v2\/users\/1"}],"replies":[{"embeddable":true,"href":"https:\/\/asmdcyclisme.fr\/index.php\/wp-json\/wp\/v2\/comments?post=757"}],"version-history":[{"count":2,"href":"https:\/\/asmdcyclisme.fr\/index.php\/wp-json\/wp\/v2\/posts\/757\/revisions"}],"predecessor-version":[{"id":761,"href":"https:\/\/asmdcyclisme.fr\/index.php\/wp-json\/wp\/v2\/posts\/757\/revisions\/761"}],"wp:featuredmedia":[{"embeddable":true,"href":"https:\/\/asmdcyclisme.fr\/index.php\/wp-json\/wp\/v2\/media\/758"}],"wp:attachment":[{"href":"https:\/\/asmdcyclisme.fr\/index.php\/wp-json\/wp\/v2\/media?parent=757"}],"wp:term":[{"taxonomy":"category","embeddable":true,"href":"https:\/\/asmdcyclisme.fr\/index.php\/wp-json\/wp\/v2\/categories?post=757"},{"taxonomy":"post_tag","embeddable":true,"href":"https:\/\/asmdcyclisme.fr\/index.php\/wp-json\/wp\/v2\/tags?post=757"}],"curies":[{"name":"wp","href":"https:\/\/api.w.org\/{rel}","templated":true}]}}